{"id":5056,"date":"2019-11-14T17:44:12","date_gmt":"2019-11-14T16:44:12","guid":{"rendered":"http:\/\/atelierfilippini.com\/?p=5056"},"modified":"2019-11-14T17:45:07","modified_gmt":"2019-11-14T16:45:07","slug":"inauguration-creche-rue-petit-paris-19e","status":"publish","type":"post","link":"https:\/\/atelierfilippini.com\/?p=5056","title":{"rendered":"Inauguration cr\u00e8che rue Petit Paris 19e"},"content":{"rendered":"<p><a href=\"https:\/\/atelierfilippini.com\/wordpress\/wp-content\/uploads\/2019\/11\/ATELIER-FILIPPINI-CRECHE-PETIT-05-Copier.jpg\"><img loading=\"lazy\" decoding=\"async\" class=\"alignleft size-medium wp-image-5057\" src=\"https:\/\/atelierfilippini.com\/wordpress\/wp-content\/uploads\/2019\/11\/ATELIER-FILIPPINI-CRECHE-PETIT-05-Copier-300x300.jpg\" alt=\"ATELIER FILIPPINI - CRECHE PETIT 05 (Copier)\" width=\"300\" height=\"300\" srcset=\"https:\/\/atelierfilippini.com\/wordpress\/wp-content\/uploads\/2019\/11\/ATELIER-FILIPPINI-CRECHE-PETIT-05-Copier-300x300.jpg 300w, https:\/\/atelierfilippini.com\/wordpress\/wp-content\/uploads\/2019\/11\/ATELIER-FILIPPINI-CRECHE-PETIT-05-Copier-80x80.jpg 80w, https:\/\/atelierfilippini.com\/wordpress\/wp-content\/uploads\/2019\/11\/ATELIER-FILIPPINI-CRECHE-PETIT-05-Copier-1024x1024.jpg 1024w, https:\/\/atelierfilippini.com\/wordpress\/wp-content\/uploads\/2019\/11\/ATELIER-FILIPPINI-CRECHE-PETIT-05-Copier-220x220.jpg 220w, https:\/\/atelierfilippini.com\/wordpress\/wp-content\/uploads\/2019\/11\/ATELIER-FILIPPINI-CRECHE-PETIT-05-Copier-24x24.jpg 24w, https:\/\/atelierfilippini.com\/wordpress\/wp-content\/uploads\/2019\/11\/ATELIER-FILIPPINI-CRECHE-PETIT-05-Copier-36x36.jpg 36w, https:\/\/atelierfilippini.com\/wordpress\/wp-content\/uploads\/2019\/11\/ATELIER-FILIPPINI-CRECHE-PETIT-05-Copier-48x48.jpg 48w, https:\/\/atelierfilippini.com\/wordpress\/wp-content\/uploads\/2019\/11\/ATELIER-FILIPPINI-CRECHE-PETIT-05-Copier.jpg 1080w\" sizes=\"auto, (max-width: 300px) 100vw, 300px\" \/><\/a> Septembre 2019 &#8211; A la rentr\u00e9e 2019-20, les familles du quartier ont d\u00e9couvert une nouvelle cr\u00e8che collective, r\u00e9alis\u00e9 par <a class=\"_58cn\" href=\"https:\/\/www.facebook.com\/hashtag\/atelier?source=feed_text&amp;epa=HASHTAG&amp;__xts__%5B0%5D=68.ARDJikw7hy2BlDt_E1KL2xKA9f8d4LR-k5KXNZIo7tAm5M2O_G9jtIcnZYjt_2ICl9beHapd-0Y0a16CqM7rtXOmdRLmvkv-cnO1q8PVTTcsC9e7ia02RXto_QLRlHTrs2l0Nlx-QueQtjTmTxyc9NL_dqKjpjy-inzEaVXfBBPK4SHknrHS5ZNtKbsY7YnsTqrMn4oC_YFZ6nPoQjmqj3yQ3DNxBO3dR1fp789bvOYKbF4UbCrRttr70R6JyWabektF9E9lvAKa8Cq4VQL58MGJaJHpfPErJpIaNTjv8GX-O4dp9NqiL6qbSum9tz92mEjpcnfwTYPizzmMvSOa&amp;__tn__=%2ANKH-R\" data-ft=\"{&quot;type&quot;:104,&quot;tn&quot;:&quot;*N&quot;}\"><span class=\"_5afx\"><span class=\"_58cl _5afz\">#<\/span><span class=\"_58cm\">ATELIERFILIPPINI<\/span><\/span><\/a> en transformant radicalement une anc<span class=\"text_exposed_show\">ienne cr\u00e8che peu adapt\u00e9e.<br \/>\n68 petits enfants peuvent \u00eatre d\u00e9sormais accueillis dans une ambiance lumineuse et gaie, avec des espaces compl\u00e9tement revisit\u00e9s e am\u00e9lior\u00e9s en privil\u00e9giant l\u2019\u00e9clairage naturel des salles.<\/span><\/p>\n","protected":false},"excerpt":{"rendered":"<p>Septembre 2019 &#8211; A la rentr\u00e9e 2019-20, les familles du quartier ont d\u00e9couvert une nouvelle cr\u00e8che collective, r\u00e9alis\u00e9 par #ATELIERFILIPPINI <\/p>\n","protected":false},"author":2,"featured_media":5057,"comment_status":"closed","ping_status":"closed","sticky":false,"template":"","format":"standard","meta":{"footnotes":""},"categories":[53],"tags":[],"class_list":["post-5056","post","type-post","status-publish","format-standard","has-post-thumbnail","hentry","category-site-en-construction"],"_links":{"self":[{"href":"https:\/\/atelierfilippini.com\/index.php?rest_route=\/wp\/v2\/posts\/5056","targetHints":{"allow":["GET"]}}],"collection":[{"href":"https:\/\/atelierfilippini.com\/index.php?rest_route=\/wp\/v2\/posts"}],"about":[{"href":"https:\/\/atelierfilippini.com\/index.php?rest_route=\/wp\/v2\/types\/post"}],"author":[{"embeddable":true,"href":"https:\/\/atelierfilippini.com\/index.php?rest_route=\/wp\/v2\/users\/2"}],"replies":[{"embeddable":true,"href":"https:\/\/atelierfilippini.com\/index.php?rest_route=%2Fwp%2Fv2%2Fcomments&post=5056"}],"version-history":[{"count":2,"href":"https:\/\/atelierfilippini.com\/index.php?rest_route=\/wp\/v2\/posts\/5056\/revisions"}],"predecessor-version":[{"id":5185,"href":"https:\/\/atelierfilippini.com\/index.php?rest_route=\/wp\/v2\/posts\/5056\/revisions\/5185"}],"wp:featuredmedia":[{"embeddable":true,"href":"https:\/\/atelierfilippini.com\/index.php?rest_route=\/wp\/v2\/media\/5057"}],"wp:attachment":[{"href":"https:\/\/atelierfilippini.com\/index.php?rest_route=%2Fwp%2Fv2%2Fmedia&parent=5056"}],"wp:term":[{"taxonomy":"category","embeddable":true,"href":"https:\/\/atelierfilippini.com\/index.php?rest_route=%2Fwp%2Fv2%2Fcategories&post=5056"},{"taxonomy":"post_tag","embeddable":true,"href":"https:\/\/atelierfilippini.com\/index.php?rest_route=%2Fwp%2Fv2%2Ftags&post=5056"}],"curies":[{"name":"wp","href":"https:\/\/api.w.org\/{rel}","templated":true}]}}